{"id":4042,"date":"2014-04-30T12:54:22","date_gmt":"2014-04-30T10:54:22","guid":{"rendered":"http:\/\/rosenholm.se\/?p=4042"},"modified":"2015-05-11T23:16:41","modified_gmt":"2015-05-11T21:16:41","slug":"accolade","status":"publish","type":"post","link":"https:\/\/rosenholm.se\/?p=4042","title":{"rendered":"Om &#8217;Accolade&#8217;"},"content":{"rendered":"<p>Just nu \u00e4r vi i slutet av den tid, max en eller tv\u00e5 veckor, som till\u00e4gnas prydnadsk\u00f6rsb\u00e4ret <em>Prunus<\/em> &#8217;Accolade&#8217; med ljuvt h\u00e4ngande, rosa blommor. Skall inte blandas ihop med japanska k\u00f6rsb\u00e4r som \u00e4r avsev\u00e4rt mindre h\u00e4rdiga och h\u00f6r hemma zon 1.<\/p>\n<div id=\"attachment_4044\" style=\"width: 360px\" class=\"wp-caption alignright\"><img loading=\"lazy\" decoding=\"async\" aria-describedby=\"caption-attachment-4044\" class=\"size-large wp-image-4044\" src=\"http:\/\/rosenholm.se\/wp-content\/uploads\/2014\/04\/DSC06970-350x437.jpg\" alt=\"Prydnadsk\u00f6rsb\u00e4r, Prunus 'Accolade' \u00f6ver v\u00e5r entr\u00e9g\u00e5ng\" width=\"350\" height=\"437\" srcset=\"https:\/\/rosenholm.se\/wp-content\/uploads\/2014\/04\/DSC06970-350x437.jpg 350w, https:\/\/rosenholm.se\/wp-content\/uploads\/2014\/04\/DSC06970-320x400.jpg 320w, https:\/\/rosenholm.se\/wp-content\/uploads\/2014\/04\/DSC06970.jpg 582w\" sizes=\"auto, (max-width: 350px) 100vw, 350px\" \/><p id=\"caption-attachment-4044\" class=\"wp-caption-text\">Prydnadsk\u00f6rsb\u00e4r, Prunus &#8217;Accolade&#8217; \u00f6ver v\u00e5r entr\u00e9g\u00e5ng<\/p><\/div>\n<p>&#8217;Accolade&#8217; v\u00e4xer med \u00f6verh\u00e4ngande grenar, passar b\u00e4st p\u00e5 stam annars blir de som p\u00e5 bilden, hemifr\u00e5n oss, d\u00e4r man f\u00e5r ducka n\u00e4r man g\u00e5r l\u00e4ngs g\u00e5ngen (men vad ska vi g\u00f6ra, vi kan inte g\u00e4rna ta bort n\u00e5got s\u00e5 h\u00e4rligt). Blir ungef\u00e4r\u00a04\u20136 meter h\u00f6g, breder ut sig men \u00e4r ganska gles vilket g\u00f6r att den fungerar utm\u00e4rkt som tak. Har ni l\u00e4st att den inte \u00e4r en s\u00e4ker blommare, det stod s\u00e5 i en del artiklar och b\u00f6cker f\u00f6r n\u00e5gra \u00e5r sedan? T\u00e4nk inte p\u00e5 det, den \u00e4r v\u00e4ldigt tillf\u00f6rlitlig \u00e4ven i zon 3.<\/p>\n<p>Nackdel? Har inte speciellt snygga h\u00f6stf\u00e4rger. Nedan f\u00f6ljer tv\u00e5 detaljbilder hemifr\u00e5n oss plus en tv\u00e5 \u00e5r gammal bild fr\u00e5n Kungstr\u00e4dg\u00e5rden under dess ljuvaste \u00a0&#8217;Accolade&#8217;-tid.<\/p>\n<p>Du kan l\u00e4sa mer om sorten\u00a0\u00a0&#8217;Accolade&#8217; och takbildande tr\u00e4d i kapitlet <strong><a title=\"Tr\u00e4d som tak\" href=\"http:\/\/rosenholm.se\/?page_id=1345\">Tr\u00e4d som tak<\/a><\/strong>\u00a0i boken <strong>V\u00e4xtkomposition<\/strong>.<\/p>\n<div id=\"attachment_4054\" style=\"width: 738px\" class=\"wp-caption alignnone\"><img loading=\"lazy\" decoding=\"async\" aria-describedby=\"caption-attachment-4054\" class=\"size-full wp-image-4054\" src=\"http:\/\/rosenholm.se\/wp-content\/uploads\/2014\/04\/DSC07033.jpg\" alt=\"Prydnadsk\u00f6rsb\u00e4r, Prunus 'Accolade'\" width=\"728\" height=\"445\" srcset=\"https:\/\/rosenholm.se\/wp-content\/uploads\/2014\/04\/DSC07033.jpg 728w, https:\/\/rosenholm.se\/wp-content\/uploads\/2014\/04\/DSC07033-250x152.jpg 250w, https:\/\/rosenholm.se\/wp-content\/uploads\/2014\/04\/DSC07033-320x195.jpg 320w, https:\/\/rosenholm.se\/wp-content\/uploads\/2014\/04\/DSC07033-350x213.jpg 350w, https:\/\/rosenholm.se\/wp-content\/uploads\/2014\/04\/DSC07033-250x152@2x.jpg 500w, https:\/\/rosenholm.se\/wp-content\/uploads\/2014\/04\/DSC07033-320x195@2x.jpg 640w, https:\/\/rosenholm.se\/wp-content\/uploads\/2014\/04\/DSC07033-350x213@2x.jpg 700w\" sizes=\"auto, (max-width: 728px) 100vw, 728px\" \/><p id=\"caption-attachment-4054\" class=\"wp-caption-text\">Prydnadsk\u00f6rsb\u00e4r, Prunus &#8217;Accolade&#8217;<\/p><\/div>\n<div id=\"attachment_4057\" style=\"width: 738px\" class=\"wp-caption alignnone\"><img loading=\"lazy\" decoding=\"async\" aria-describedby=\"caption-attachment-4057\" class=\"size-full wp-image-4057\" src=\"http:\/\/rosenholm.se\/wp-content\/uploads\/2014\/04\/DSC07047.jpg\" alt=\"Prydnadsk\u00f6rsb\u00e4r, Prunus 'Accolade'\" width=\"728\" height=\"445\" srcset=\"https:\/\/rosenholm.se\/wp-content\/uploads\/2014\/04\/DSC07047.jpg 728w, https:\/\/rosenholm.se\/wp-content\/uploads\/2014\/04\/DSC07047-250x152.jpg 250w, https:\/\/rosenholm.se\/wp-content\/uploads\/2014\/04\/DSC07047-320x195.jpg 320w, https:\/\/rosenholm.se\/wp-content\/uploads\/2014\/04\/DSC07047-350x213.jpg 350w, https:\/\/rosenholm.se\/wp-content\/uploads\/2014\/04\/DSC07047-250x152@2x.jpg 500w, https:\/\/rosenholm.se\/wp-content\/uploads\/2014\/04\/DSC07047-320x195@2x.jpg 640w, https:\/\/rosenholm.se\/wp-content\/uploads\/2014\/04\/DSC07047-350x213@2x.jpg 700w\" sizes=\"auto, (max-width: 728px) 100vw, 728px\" \/><p id=\"caption-attachment-4057\" class=\"wp-caption-text\">Prydnadsk\u00f6rsb\u00e4r, Prunus &#8217;Accolade&#8217;<\/p><\/div>\n<div id=\"attachment_4058\" style=\"width: 738px\" class=\"wp-caption alignnone\"><img loading=\"lazy\" decoding=\"async\" aria-describedby=\"caption-attachment-4058\" class=\"size-full wp-image-4058\" src=\"http:\/\/rosenholm.se\/wp-content\/uploads\/2014\/04\/MMFC4722.jpg\" alt=\"Ljuva 'Accolade' i Kungstr\u00e4dg\u00e5rden, Stockholm, 2012\" width=\"728\" height=\"547\" srcset=\"https:\/\/rosenholm.se\/wp-content\/uploads\/2014\/04\/MMFC4722.jpg 728w, https:\/\/rosenholm.se\/wp-content\/uploads\/2014\/04\/MMFC4722-250x187.jpg 250w, https:\/\/rosenholm.se\/wp-content\/uploads\/2014\/04\/MMFC4722-320x240.jpg 320w, https:\/\/rosenholm.se\/wp-content\/uploads\/2014\/04\/MMFC4722-350x262.jpg 350w, https:\/\/rosenholm.se\/wp-content\/uploads\/2014\/04\/MMFC4722-250x187@2x.jpg 500w, https:\/\/rosenholm.se\/wp-content\/uploads\/2014\/04\/MMFC4722-320x240@2x.jpg 640w, https:\/\/rosenholm.se\/wp-content\/uploads\/2014\/04\/MMFC4722-350x262@2x.jpg 700w\" sizes=\"auto, (max-width: 728px) 100vw, 728px\" \/><p id=\"caption-attachment-4058\" class=\"wp-caption-text\">Ljuva &#8217;Accolade&#8217; i Kungstr\u00e4dg\u00e5rden, Stockholm, 2012<\/p><\/div>\n","protected":false},"excerpt":{"rendered":"<p>Just nu \u00e4r vi i slutet av den tid, max en eller tv\u00e5 veckor, som till\u00e4gnas prydnadsk\u00f6rsb\u00e4ret Prunus &#8217;Accolade&#8217; med ljuvt h\u00e4ngande, rosa blommor. Skall inte blandas ihop med japanska&hellip; <\/p>\n","protected":false},"author":1,"featured_media":4054,"comment_status":"open","ping_status":"closed","sticky":false,"template":"","format":"standard","meta":{"footnotes":""},"categories":[11,4,28,39],"tags":[32,18],"class_list":["post-4042","post","type-post","status-publish","format-standard","has-post-thumbnail","hentry","category-i-egen-tappa","category-om-tradgardsdesign","category-en-park","category-buskar-och-trad","tag-blommande-trad","tag-hardighet"],"_links":{"self":[{"href":"https:\/\/rosenholm.se\/index.php?rest_route=\/wp\/v2\/posts\/4042","targetHints":{"allow":["GET"]}}],"collection":[{"href":"https:\/\/rosenholm.se\/index.php?rest_route=\/wp\/v2\/posts"}],"about":[{"href":"https:\/\/rosenholm.se\/index.php?rest_route=\/wp\/v2\/types\/post"}],"author":[{"embeddable":true,"href":"https:\/\/rosenholm.se\/index.php?rest_route=\/wp\/v2\/users\/1"}],"replies":[{"embeddable":true,"href":"https:\/\/rosenholm.se\/index.php?rest_route=%2Fwp%2Fv2%2Fcomments&post=4042"}],"version-history":[{"count":16,"href":"https:\/\/rosenholm.se\/index.php?rest_route=\/wp\/v2\/posts\/4042\/revisions"}],"predecessor-version":[{"id":6108,"href":"https:\/\/rosenholm.se\/index.php?rest_route=\/wp\/v2\/posts\/4042\/revisions\/6108"}],"wp:featuredmedia":[{"embeddable":true,"href":"https:\/\/rosenholm.se\/index.php?rest_route=\/wp\/v2\/media\/4054"}],"wp:attachment":[{"href":"https:\/\/rosenholm.se\/index.php?rest_route=%2Fwp%2Fv2%2Fmedia&parent=4042"}],"wp:term":[{"taxonomy":"category","embeddable":true,"href":"https:\/\/rosenholm.se\/index.php?rest_route=%2Fwp%2Fv2%2Fcategories&post=4042"},{"taxonomy":"post_tag","embeddable":true,"href":"https:\/\/rosenholm.se\/index.php?rest_route=%2Fwp%2Fv2%2Ftags&post=4042"}],"curies":[{"name":"wp","href":"https:\/\/api.w.org\/{rel}","templated":true}]}}