{"id":14983,"date":"2025-10-12T20:14:01","date_gmt":"2025-10-12T18:14:01","guid":{"rendered":"https:\/\/rosenholm.se\/?p=14983"},"modified":"2025-10-20T21:18:53","modified_gmt":"2025-10-20T19:18:53","slug":"dagens-grona-11-oktober-mer-berg-av-berget-mount-royal","status":"publish","type":"post","link":"https:\/\/rosenholm.se\/?p=14983","title":{"rendered":"Dagens gr\u00f6na 12 oktober \u2013 Mer berg av berget Mount Royal"},"content":{"rendered":"\n<figure class=\"wp-block-image size-large\"><img loading=\"lazy\" decoding=\"async\" width=\"700\" height=\"438\" src=\"https:\/\/rosenholm.se\/wp-content\/uploads\/2025\/10\/oktober-12-2019-700x438.jpg\" alt=\"F\u00e4rgrik h\u00f6stutsikt fr\u00e5n Mount Royal \u00f6ver staden Montreal.\" class=\"wp-image-14984\" srcset=\"https:\/\/rosenholm.se\/wp-content\/uploads\/2025\/10\/oktober-12-2019-700x438.jpg 700w, https:\/\/rosenholm.se\/wp-content\/uploads\/2025\/10\/oktober-12-2019-410x256.jpg 410w, https:\/\/rosenholm.se\/wp-content\/uploads\/2025\/10\/oktober-12-2019-390x244.jpg 390w, https:\/\/rosenholm.se\/wp-content\/uploads\/2025\/10\/oktober-12-2019.jpg 1080w, https:\/\/rosenholm.se\/wp-content\/uploads\/2025\/10\/oktober-12-2019-410x256@2x.jpg 820w, https:\/\/rosenholm.se\/wp-content\/uploads\/2025\/10\/oktober-12-2019-390x244@2x.jpg 780w\" sizes=\"auto, (max-width: 700px) 100vw, 700px\" \/><\/figure>\n\n\n\n<p>N\u00e4r landskapsarkitekturens fader, Olmsted, blev ombedd att g\u00f6ra park av Mount Royal, mitt i Montreal, svarade han att det var direkt ol\u00e4mpligt. Ist\u00e4llet ville han g\u00f6ra mer berg av berget; naturscenerierna var dess kvalitet. Bild fr\u00e5n 12 oktober 2019. Mer i <a href=\"https:\/\/www.bokus.com\/bok\/9789198558838\/olmsted-mannen-som-skapade-parker\/?srsltid=AfmBOoq8IHte3RRkevPPFR91IuCfQ28BaTfKKHlYoHnti15xJVEJlefA\" target=\"_blank\" rel=\"noreferrer noopener\">Olmsted : mannen som skapade parker<\/a>.<\/p>\n","protected":false},"excerpt":{"rendered":"<p>N\u00e4r landskapsarkitekturens fader, Olmsted, blev ombedd att g\u00f6ra park av Mount Royal, mitt i Montreal, svarade han att det var direkt ol\u00e4mpligt. Ist\u00e4llet ville han g\u00f6ra mer berg av berget;&hellip; <\/p>\n","protected":false},"author":1,"featured_media":14987,"comment_status":"closed","ping_status":"closed","sticky":false,"template":"","format":"standard","meta":{"footnotes":""},"categories":[122,28,67],"tags":[196,213,74,214],"class_list":["post-14983","post","type-post","status-publish","format-standard","has-post-thumbnail","hentry","category-berg","category-en-park","category-stadsmiljoer","tag-hostfarger","tag-kanada","tag-landskapsarkitekters-verk","tag-olmsted"],"_links":{"self":[{"href":"https:\/\/rosenholm.se\/index.php?rest_route=\/wp\/v2\/posts\/14983","targetHints":{"allow":["GET"]}}],"collection":[{"href":"https:\/\/rosenholm.se\/index.php?rest_route=\/wp\/v2\/posts"}],"about":[{"href":"https:\/\/rosenholm.se\/index.php?rest_route=\/wp\/v2\/types\/post"}],"author":[{"embeddable":true,"href":"https:\/\/rosenholm.se\/index.php?rest_route=\/wp\/v2\/users\/1"}],"replies":[{"embeddable":true,"href":"https:\/\/rosenholm.se\/index.php?rest_route=%2Fwp%2Fv2%2Fcomments&post=14983"}],"version-history":[{"count":2,"href":"https:\/\/rosenholm.se\/index.php?rest_route=\/wp\/v2\/posts\/14983\/revisions"}],"predecessor-version":[{"id":14993,"href":"https:\/\/rosenholm.se\/index.php?rest_route=\/wp\/v2\/posts\/14983\/revisions\/14993"}],"wp:featuredmedia":[{"embeddable":true,"href":"https:\/\/rosenholm.se\/index.php?rest_route=\/wp\/v2\/media\/14987"}],"wp:attachment":[{"href":"https:\/\/rosenholm.se\/index.php?rest_route=%2Fwp%2Fv2%2Fmedia&parent=14983"}],"wp:term":[{"taxonomy":"category","embeddable":true,"href":"https:\/\/rosenholm.se\/index.php?rest_route=%2Fwp%2Fv2%2Fcategories&post=14983"},{"taxonomy":"post_tag","embeddable":true,"href":"https:\/\/rosenholm.se\/index.php?rest_route=%2Fwp%2Fv2%2Ftags&post=14983"}],"curies":[{"name":"wp","href":"https:\/\/api.w.org\/{rel}","templated":true}]}}