{"id":14932,"date":"2025-09-28T14:42:41","date_gmt":"2025-09-28T12:42:41","guid":{"rendered":"https:\/\/rosenholm.se\/?p=14932"},"modified":"2025-09-28T14:42:42","modified_gmt":"2025-09-28T12:42:42","slug":"dagens-grona-28-september-vinodling-mitt-i-paris","status":"publish","type":"post","link":"https:\/\/rosenholm.se\/?p=14932","title":{"rendered":"Dagens gr\u00f6na 28 september \u2013 Vinodling mitt i Paris"},"content":{"rendered":"\n<figure class=\"wp-block-image size-large\"><img loading=\"lazy\" decoding=\"async\" width=\"700\" height=\"393\" src=\"https:\/\/rosenholm.se\/wp-content\/uploads\/2025\/09\/september-28-2008-1-700x393.jpg\" alt=\"Ving\u00e5rden Clos-Montmartre mitt i Paris\" class=\"wp-image-14933\" srcset=\"https:\/\/rosenholm.se\/wp-content\/uploads\/2025\/09\/september-28-2008-1-700x393.jpg 700w, https:\/\/rosenholm.se\/wp-content\/uploads\/2025\/09\/september-28-2008-1-410x230.jpg 410w, https:\/\/rosenholm.se\/wp-content\/uploads\/2025\/09\/september-28-2008-1-390x219.jpg 390w, https:\/\/rosenholm.se\/wp-content\/uploads\/2025\/09\/september-28-2008-1.jpg 1080w, https:\/\/rosenholm.se\/wp-content\/uploads\/2025\/09\/september-28-2008-1-410x230@2x.jpg 820w, https:\/\/rosenholm.se\/wp-content\/uploads\/2025\/09\/september-28-2008-1-390x219@2x.jpg 780w\" sizes=\"auto, (max-width: 700px) 100vw, 700px\" \/><\/figure>\n\n\n\n<p>Dagens gr\u00f6na. Ving\u00e5rden Clos-Montmartre ligger mitt i Paris, \u00e4gs av Paris stad och sk\u00f6ts av den. Har anor \u00e4nda fr\u00e5n 1200-talet, storleken p\u00e5 vinodlingarna har stegvis inskr\u00e4nkts, framf\u00f6rallt efter att Montmarte blev en del av Paris p\u00e5 1860-talet. Bild fr\u00e5n 28 september 2008.<\/p>\n","protected":false},"excerpt":{"rendered":"<p>Dagens gr\u00f6na. Ving\u00e5rden Clos-Montmartre ligger mitt i Paris, \u00e4gs av Paris stad och sk\u00f6ts av den. Har anor \u00e4nda fr\u00e5n 1200-talet, storleken p\u00e5 vinodlingarna har stegvis inskr\u00e4nkts, framf\u00f6rallt efter att&hellip; <\/p>\n","protected":false},"author":1,"featured_media":14928,"comment_status":"closed","ping_status":"closed","sticky":false,"template":"","format":"standard","meta":{"footnotes":""},"categories":[28,67],"tags":[23,120],"class_list":["post-14932","post","type-post","status-publish","format-standard","has-post-thumbnail","hentry","category-en-park","category-stadsmiljoer","tag-frankrike","tag-vinodling"],"_links":{"self":[{"href":"https:\/\/rosenholm.se\/index.php?rest_route=\/wp\/v2\/posts\/14932","targetHints":{"allow":["GET"]}}],"collection":[{"href":"https:\/\/rosenholm.se\/index.php?rest_route=\/wp\/v2\/posts"}],"about":[{"href":"https:\/\/rosenholm.se\/index.php?rest_route=\/wp\/v2\/types\/post"}],"author":[{"embeddable":true,"href":"https:\/\/rosenholm.se\/index.php?rest_route=\/wp\/v2\/users\/1"}],"replies":[{"embeddable":true,"href":"https:\/\/rosenholm.se\/index.php?rest_route=%2Fwp%2Fv2%2Fcomments&post=14932"}],"version-history":[{"count":1,"href":"https:\/\/rosenholm.se\/index.php?rest_route=\/wp\/v2\/posts\/14932\/revisions"}],"predecessor-version":[{"id":14934,"href":"https:\/\/rosenholm.se\/index.php?rest_route=\/wp\/v2\/posts\/14932\/revisions\/14934"}],"wp:featuredmedia":[{"embeddable":true,"href":"https:\/\/rosenholm.se\/index.php?rest_route=\/wp\/v2\/media\/14928"}],"wp:attachment":[{"href":"https:\/\/rosenholm.se\/index.php?rest_route=%2Fwp%2Fv2%2Fmedia&parent=14932"}],"wp:term":[{"taxonomy":"category","embeddable":true,"href":"https:\/\/rosenholm.se\/index.php?rest_route=%2Fwp%2Fv2%2Fcategories&post=14932"},{"taxonomy":"post_tag","embeddable":true,"href":"https:\/\/rosenholm.se\/index.php?rest_route=%2Fwp%2Fv2%2Ftags&post=14932"}],"curies":[{"name":"wp","href":"https:\/\/api.w.org\/{rel}","templated":true}]}}