{"id":14836,"date":"2025-09-08T15:45:38","date_gmt":"2025-09-08T13:45:38","guid":{"rendered":"https:\/\/rosenholm.se\/?p=14836"},"modified":"2025-11-02T08:52:14","modified_gmt":"2025-11-02T07:52:14","slug":"dagens-grona-5-september-samlar-infor-flytten","status":"publish","type":"post","link":"https:\/\/rosenholm.se\/?p=14836","title":{"rendered":"Dagens gr\u00f6na 5 september \u2013 Samlar sig inf\u00f6r flytten"},"content":{"rendered":"\n<figure class=\"wp-block-image size-large\"><img loading=\"lazy\" decoding=\"async\" width=\"700\" height=\"394\" src=\"https:\/\/rosenholm.se\/wp-content\/uploads\/2025\/09\/september-05-2020-700x394.jpg\" alt=\"Skymmningshimmel fylld av f\u00e5glar ovanf\u00f6r Hj\u00e4lstaviken\" class=\"wp-image-14837\" srcset=\"https:\/\/rosenholm.se\/wp-content\/uploads\/2025\/09\/september-05-2020-700x394.jpg 700w, https:\/\/rosenholm.se\/wp-content\/uploads\/2025\/09\/september-05-2020-410x231.jpg 410w, https:\/\/rosenholm.se\/wp-content\/uploads\/2025\/09\/september-05-2020-390x220.jpg 390w, https:\/\/rosenholm.se\/wp-content\/uploads\/2025\/09\/september-05-2020.jpg 1080w, https:\/\/rosenholm.se\/wp-content\/uploads\/2025\/09\/september-05-2020-410x231@2x.jpg 820w, https:\/\/rosenholm.se\/wp-content\/uploads\/2025\/09\/september-05-2020-390x220@2x.jpg 780w\" sizes=\"auto, (max-width: 700px) 100vw, 700px\" \/><\/figure>\n\n\n\n<p>De samlar sig s\u00e5 sakteliga inf\u00f6r flytten s\u00f6derut. Himlen fylld av f\u00e5glar, mest g\u00e4ss, ovanf\u00f6r Hj\u00e4lstavikens naturreservat den 5 september 2020.<\/p>\n\n\n\n<p><\/p>\n","protected":false},"excerpt":{"rendered":"<p>De samlar sig s\u00e5 sakteliga inf\u00f6r flytten s\u00f6derut. Himlen fylld av f\u00e5glar, mest g\u00e4ss, ovanf\u00f6r Hj\u00e4lstavikens naturreservat den 5 september 2020.<\/p>\n","protected":false},"author":1,"featured_media":14837,"comment_status":"closed","ping_status":"closed","sticky":false,"template":"","format":"standard","meta":{"footnotes":""},"categories":[62,108],"tags":[130,125],"class_list":["post-14836","post","type-post","status-publish","format-standard","has-post-thumbnail","hentry","category-djur-och-natur","category-uppland","tag-faglar","tag-naturreservat"],"_links":{"self":[{"href":"https:\/\/rosenholm.se\/index.php?rest_route=\/wp\/v2\/posts\/14836","targetHints":{"allow":["GET"]}}],"collection":[{"href":"https:\/\/rosenholm.se\/index.php?rest_route=\/wp\/v2\/posts"}],"about":[{"href":"https:\/\/rosenholm.se\/index.php?rest_route=\/wp\/v2\/types\/post"}],"author":[{"embeddable":true,"href":"https:\/\/rosenholm.se\/index.php?rest_route=\/wp\/v2\/users\/1"}],"replies":[{"embeddable":true,"href":"https:\/\/rosenholm.se\/index.php?rest_route=%2Fwp%2Fv2%2Fcomments&post=14836"}],"version-history":[{"count":3,"href":"https:\/\/rosenholm.se\/index.php?rest_route=\/wp\/v2\/posts\/14836\/revisions"}],"predecessor-version":[{"id":15089,"href":"https:\/\/rosenholm.se\/index.php?rest_route=\/wp\/v2\/posts\/14836\/revisions\/15089"}],"wp:featuredmedia":[{"embeddable":true,"href":"https:\/\/rosenholm.se\/index.php?rest_route=\/wp\/v2\/media\/14837"}],"wp:attachment":[{"href":"https:\/\/rosenholm.se\/index.php?rest_route=%2Fwp%2Fv2%2Fmedia&parent=14836"}],"wp:term":[{"taxonomy":"category","embeddable":true,"href":"https:\/\/rosenholm.se\/index.php?rest_route=%2Fwp%2Fv2%2Fcategories&post=14836"},{"taxonomy":"post_tag","embeddable":true,"href":"https:\/\/rosenholm.se\/index.php?rest_route=%2Fwp%2Fv2%2Ftags&post=14836"}],"curies":[{"name":"wp","href":"https:\/\/api.w.org\/{rel}","templated":true}]}}